{"id":25984,"date":"2016-09-02T20:24:00","date_gmt":"2016-09-02T19:24:00","guid":{"rendered":"https:\/\/anaabrao.com\/en\/?p=25984"},"modified":"2016-10-23T23:28:18","modified_gmt":"2016-10-23T22:28:18","slug":"the-peace-in-golden-temple","status":"publish","type":"post","link":"https:\/\/anaabrao.com\/en\/the-peace-in-golden-temple\/","title":{"rendered":"The Peace in Golden Temple"},"content":{"rendered":"<p>Se a Paz tem morada pr\u00f3pria, o Golden Temple \u00e9 onde ela vive<\/p>\n<p>N\u00e3o exagero se disser que \u00e9 dos lugares mais impressionantes em que j\u00e1 alguma vez estive.<\/p>\n<p>Se eu tivesse que definir a minha viv\u00eancia neste lugar numa \u00fanica palavra, Paz \u00e9 a palavra que diz tudo. Embora seja uma pessoa s\u00e9tica na forma de pensar, tenho que admitir que este espa\u00e7o tem qualquer coisa de especial. \u00c9 imposs\u00edvel ficar indiferente. \u00c9 imposs\u00edvel n\u00e3o sentir. \u00c9 forte. Uma energia suave e doce que entranha por dentro de n\u00f3s e que nos permite estar num estado de plenitude que penso ser preciso experimentar para se saber o que \u00e9.<\/p>\n<p>Frio e calor. Nas minhas mem\u00f3rias estas sensa\u00e7\u00f5es v\u00e3o permanecer associadas \u00e0 minha experi\u00eancia nestes 3 dias no templo. Muito frio, pela localiza\u00e7\u00e3o pr\u00f3xima aos Himalaias, pelo per\u00edodo do ano (Dezembro ) mas sobretudo pelo m\u00e1rmore gelado (muito!) em que caminh\u00e1vamos descal\u00e7os \u00e0 volta do lago, no interior do templo e sempre no sentido hor\u00e1rio, seguindo os peregrinos Sikhs enquanto ouviamos os seus canticos e estudavamos formas de capturar boas imagens.<\/p>\n<p>O calor humano era provavelmente a for\u00e7a que sent\u00edamos no ar. A forma como os Sikhs comunicam com o olhar, com a express\u00e3o facial e corporal e sobretudo com o sorriso, \u00e9 linda de se ver e de se sentir. Desarma as nossas defesas e as nossas m\u00e1scaras sociais e nos faz ser apenas o que somos. Uma sensa\u00e7\u00e3o que n\u00e3o tem pre\u00e7o&#8230;<\/p>\n<p>Descobri um lugar no mundo onde as pessoas s\u00e3o genu\u00ednas&#8230;<\/p>\n","protected":false},"excerpt":{"rendered":"<p>N\u00e3o exagero se disser que \u00e9 dos lugares mais impressionantes em que j\u00e1 alguma vez estive&#8230;<\/p>\n","protected":false},"author":3,"featured_media":371,"comment_status":"open","ping_status":"open","sticky":false,"template":"","format":"standard","meta":{"_et_pb_use_builder":"","_et_pb_old_content":"","_et_gb_content_width":"","footnotes":""},"categories":[31],"tags":[],"class_list":["post-25984","post","type-post","status-publish","format-standard","has-post-thumbnail","hentry","category-all-categories"],"yoast_head":"<!-- This site is optimized with the Yoast SEO plugin v26.8 - https:\/\/yoast.com\/product\/yoast-seo-wordpress\/ -->\n<title>The Peace in Golden Temple - Ana Abr\u00e3o<\/title>\n<meta name=\"robots\" content=\"index, follow, max-snippet:-1, max-image-preview:large, max-video-preview:-1\" \/>\n<link rel=\"canonical\" href=\"https:\/\/anaabrao.com\/the-peace-in-golden-temple\/\" \/>\n<meta property=\"og:locale\" content=\"en_US\" \/>\n<meta property=\"og:type\" content=\"article\" \/>\n<meta property=\"og:title\" content=\"The Peace in Golden Temple - Ana Abr\u00e3o\" \/>\n<meta property=\"og:description\" content=\"N\u00e3o exagero se disser que \u00e9 dos lugares mais impressionantes em que j\u00e1 alguma vez estive...\" \/>\n<meta property=\"og:url\" content=\"https:\/\/anaabrao.com\/the-peace-in-golden-temple\/\" \/>\n<meta property=\"og:site_name\" content=\"Ana Abr\u00e3o\" \/>\n<meta property=\"article:publisher\" content=\"https:\/\/www.facebook.com\/ana.maria.abrao\" \/>\n<meta property=\"article:published_time\" content=\"2016-09-02T19:24:00+00:00\" \/>\n<meta property=\"article:modified_time\" content=\"2016-10-23T22:28:18+00:00\" \/>\n<meta property=\"og:image\" content=\"https:\/\/anaabrao.com\/wp-content\/uploads\/2016\/05\/Golden-Temple-Ana-Abrao-4-2.jpg\" \/>\n\t<meta property=\"og:image:width\" content=\"1200\" \/>\n\t<meta property=\"og:image:height\" content=\"800\" \/>\n\t<meta property=\"og:image:type\" content=\"image\/jpeg\" \/>\n<meta name=\"author\" content=\"Ana Abr\u00e3o\" \/>\n<meta name=\"twitter:card\" content=\"summary_large_image\" \/>\n<meta name=\"twitter:label1\" content=\"Written by\" \/>\n\t<meta name=\"twitter:data1\" content=\"Ana Abr\u00e3o\" \/>\n\t<meta name=\"twitter:label2\" content=\"Est. reading time\" \/>\n\t<meta name=\"twitter:data2\" content=\"1 minute\" \/>\n<script type=\"application\/ld+json\" class=\"yoast-schema-graph\">{\"@context\":\"https:\/\/schema.org\",\"@graph\":[{\"@type\":\"Article\",\"@id\":\"https:\/\/anaabrao.com\/the-peace-in-golden-temple\/#article\",\"isPartOf\":{\"@id\":\"https:\/\/anaabrao.com\/the-peace-in-golden-temple\/\"},\"author\":{\"name\":\"Ana Abr\u00e3o\",\"@id\":\"https:\/\/anaabrao.com\/#\/schema\/person\/9f12f41af26dcb40f1626461f365c96d\"},\"headline\":\"The Peace in Golden Temple\",\"datePublished\":\"2016-09-02T19:24:00+00:00\",\"dateModified\":\"2016-10-23T22:28:18+00:00\",\"mainEntityOfPage\":{\"@id\":\"https:\/\/anaabrao.com\/the-peace-in-golden-temple\/\"},\"wordCount\":276,\"commentCount\":0,\"image\":{\"@id\":\"https:\/\/anaabrao.com\/the-peace-in-golden-temple\/#primaryimage\"},\"thumbnailUrl\":\"https:\/\/anaabrao.com\/wp-content\/uploads\/2016\/05\/Golden-Temple-Ana-Abrao-4-2.jpg\",\"articleSection\":[\"All categories\"],\"inLanguage\":\"en-US\",\"potentialAction\":[{\"@type\":\"CommentAction\",\"name\":\"Comment\",\"target\":[\"https:\/\/anaabrao.com\/the-peace-in-golden-temple\/#respond\"]}]},{\"@type\":\"WebPage\",\"@id\":\"https:\/\/anaabrao.com\/the-peace-in-golden-temple\/\",\"url\":\"https:\/\/anaabrao.com\/the-peace-in-golden-temple\/\",\"name\":\"The Peace in Golden Temple - Ana Abr\u00e3o\",\"isPartOf\":{\"@id\":\"https:\/\/anaabrao.com\/#website\"},\"primaryImageOfPage\":{\"@id\":\"https:\/\/anaabrao.com\/the-peace-in-golden-temple\/#primaryimage\"},\"image\":{\"@id\":\"https:\/\/anaabrao.com\/the-peace-in-golden-temple\/#primaryimage\"},\"thumbnailUrl\":\"https:\/\/anaabrao.com\/wp-content\/uploads\/2016\/05\/Golden-Temple-Ana-Abrao-4-2.jpg\",\"datePublished\":\"2016-09-02T19:24:00+00:00\",\"dateModified\":\"2016-10-23T22:28:18+00:00\",\"author\":{\"@id\":\"https:\/\/anaabrao.com\/#\/schema\/person\/9f12f41af26dcb40f1626461f365c96d\"},\"breadcrumb\":{\"@id\":\"https:\/\/anaabrao.com\/the-peace-in-golden-temple\/#breadcrumb\"},\"inLanguage\":\"en-US\",\"potentialAction\":[{\"@type\":\"ReadAction\",\"target\":[\"https:\/\/anaabrao.com\/the-peace-in-golden-temple\/\"]}]},{\"@type\":\"ImageObject\",\"inLanguage\":\"en-US\",\"@id\":\"https:\/\/anaabrao.com\/the-peace-in-golden-temple\/#primaryimage\",\"url\":\"https:\/\/anaabrao.com\/wp-content\/uploads\/2016\/05\/Golden-Temple-Ana-Abrao-4-2.jpg\",\"contentUrl\":\"https:\/\/anaabrao.com\/wp-content\/uploads\/2016\/05\/Golden-Temple-Ana-Abrao-4-2.jpg\",\"width\":1200,\"height\":800},{\"@type\":\"BreadcrumbList\",\"@id\":\"https:\/\/anaabrao.com\/the-peace-in-golden-temple\/#breadcrumb\",\"itemListElement\":[{\"@type\":\"ListItem\",\"position\":1,\"name\":\"Home\",\"item\":\"https:\/\/anaabrao.com\/home\/\"},{\"@type\":\"ListItem\",\"position\":2,\"name\":\"The Peace in Golden Temple\"}]},{\"@type\":\"WebSite\",\"@id\":\"https:\/\/anaabrao.com\/#website\",\"url\":\"https:\/\/anaabrao.com\/\",\"name\":\"Ana Abr\u00e3o\",\"description\":\"On line Portfolio\",\"potentialAction\":[{\"@type\":\"SearchAction\",\"target\":{\"@type\":\"EntryPoint\",\"urlTemplate\":\"https:\/\/anaabrao.com\/?s={search_term_string}\"},\"query-input\":{\"@type\":\"PropertyValueSpecification\",\"valueRequired\":true,\"valueName\":\"search_term_string\"}}],\"inLanguage\":\"en-US\"},{\"@type\":\"Person\",\"@id\":\"https:\/\/anaabrao.com\/#\/schema\/person\/9f12f41af26dcb40f1626461f365c96d\",\"name\":\"Ana Abr\u00e3o\",\"image\":{\"@type\":\"ImageObject\",\"inLanguage\":\"en-US\",\"@id\":\"https:\/\/anaabrao.com\/#\/schema\/person\/image\/\",\"url\":\"https:\/\/secure.gravatar.com\/avatar\/6fc17a8bd8a35d3c8237bf0f445847d70cb606bc44136a70f2199a94b822474f?s=96&d=mm&r=g\",\"contentUrl\":\"https:\/\/secure.gravatar.com\/avatar\/6fc17a8bd8a35d3c8237bf0f445847d70cb606bc44136a70f2199a94b822474f?s=96&d=mm&r=g\",\"caption\":\"Ana Abr\u00e3o\"},\"sameAs\":[\"http:\/\/anaabrao.com\"],\"url\":\"https:\/\/anaabrao.com\/en\/author\/amabrao\/\"}]}<\/script>\n<!-- \/ Yoast SEO plugin. -->","yoast_head_json":{"title":"The Peace in Golden Temple - Ana Abr\u00e3o","robots":{"index":"index","follow":"follow","max-snippet":"max-snippet:-1","max-image-preview":"max-image-preview:large","max-video-preview":"max-video-preview:-1"},"canonical":"https:\/\/anaabrao.com\/the-peace-in-golden-temple\/","og_locale":"en_US","og_type":"article","og_title":"The Peace in Golden Temple - Ana Abr\u00e3o","og_description":"N\u00e3o exagero se disser que \u00e9 dos lugares mais impressionantes em que j\u00e1 alguma vez estive...","og_url":"https:\/\/anaabrao.com\/the-peace-in-golden-temple\/","og_site_name":"Ana Abr\u00e3o","article_publisher":"https:\/\/www.facebook.com\/ana.maria.abrao","article_published_time":"2016-09-02T19:24:00+00:00","article_modified_time":"2016-10-23T22:28:18+00:00","og_image":[{"width":1200,"height":800,"url":"https:\/\/anaabrao.com\/wp-content\/uploads\/2016\/05\/Golden-Temple-Ana-Abrao-4-2.jpg","type":"image\/jpeg"}],"author":"Ana Abr\u00e3o","twitter_card":"summary_large_image","twitter_misc":{"Written by":"Ana Abr\u00e3o","Est. reading time":"1 minute"},"schema":{"@context":"https:\/\/schema.org","@graph":[{"@type":"Article","@id":"https:\/\/anaabrao.com\/the-peace-in-golden-temple\/#article","isPartOf":{"@id":"https:\/\/anaabrao.com\/the-peace-in-golden-temple\/"},"author":{"name":"Ana Abr\u00e3o","@id":"https:\/\/anaabrao.com\/#\/schema\/person\/9f12f41af26dcb40f1626461f365c96d"},"headline":"The Peace in Golden Temple","datePublished":"2016-09-02T19:24:00+00:00","dateModified":"2016-10-23T22:28:18+00:00","mainEntityOfPage":{"@id":"https:\/\/anaabrao.com\/the-peace-in-golden-temple\/"},"wordCount":276,"commentCount":0,"image":{"@id":"https:\/\/anaabrao.com\/the-peace-in-golden-temple\/#primaryimage"},"thumbnailUrl":"https:\/\/anaabrao.com\/wp-content\/uploads\/2016\/05\/Golden-Temple-Ana-Abrao-4-2.jpg","articleSection":["All categories"],"inLanguage":"en-US","potentialAction":[{"@type":"CommentAction","name":"Comment","target":["https:\/\/anaabrao.com\/the-peace-in-golden-temple\/#respond"]}]},{"@type":"WebPage","@id":"https:\/\/anaabrao.com\/the-peace-in-golden-temple\/","url":"https:\/\/anaabrao.com\/the-peace-in-golden-temple\/","name":"The Peace in Golden Temple - Ana Abr\u00e3o","isPartOf":{"@id":"https:\/\/anaabrao.com\/#website"},"primaryImageOfPage":{"@id":"https:\/\/anaabrao.com\/the-peace-in-golden-temple\/#primaryimage"},"image":{"@id":"https:\/\/anaabrao.com\/the-peace-in-golden-temple\/#primaryimage"},"thumbnailUrl":"https:\/\/anaabrao.com\/wp-content\/uploads\/2016\/05\/Golden-Temple-Ana-Abrao-4-2.jpg","datePublished":"2016-09-02T19:24:00+00:00","dateModified":"2016-10-23T22:28:18+00:00","author":{"@id":"https:\/\/anaabrao.com\/#\/schema\/person\/9f12f41af26dcb40f1626461f365c96d"},"breadcrumb":{"@id":"https:\/\/anaabrao.com\/the-peace-in-golden-temple\/#breadcrumb"},"inLanguage":"en-US","potentialAction":[{"@type":"ReadAction","target":["https:\/\/anaabrao.com\/the-peace-in-golden-temple\/"]}]},{"@type":"ImageObject","inLanguage":"en-US","@id":"https:\/\/anaabrao.com\/the-peace-in-golden-temple\/#primaryimage","url":"https:\/\/anaabrao.com\/wp-content\/uploads\/2016\/05\/Golden-Temple-Ana-Abrao-4-2.jpg","contentUrl":"https:\/\/anaabrao.com\/wp-content\/uploads\/2016\/05\/Golden-Temple-Ana-Abrao-4-2.jpg","width":1200,"height":800},{"@type":"BreadcrumbList","@id":"https:\/\/anaabrao.com\/the-peace-in-golden-temple\/#breadcrumb","itemListElement":[{"@type":"ListItem","position":1,"name":"Home","item":"https:\/\/anaabrao.com\/home\/"},{"@type":"ListItem","position":2,"name":"The Peace in Golden Temple"}]},{"@type":"WebSite","@id":"https:\/\/anaabrao.com\/#website","url":"https:\/\/anaabrao.com\/","name":"Ana Abr\u00e3o","description":"On line Portfolio","potentialAction":[{"@type":"SearchAction","target":{"@type":"EntryPoint","urlTemplate":"https:\/\/anaabrao.com\/?s={search_term_string}"},"query-input":{"@type":"PropertyValueSpecification","valueRequired":true,"valueName":"search_term_string"}}],"inLanguage":"en-US"},{"@type":"Person","@id":"https:\/\/anaabrao.com\/#\/schema\/person\/9f12f41af26dcb40f1626461f365c96d","name":"Ana Abr\u00e3o","image":{"@type":"ImageObject","inLanguage":"en-US","@id":"https:\/\/anaabrao.com\/#\/schema\/person\/image\/","url":"https:\/\/secure.gravatar.com\/avatar\/6fc17a8bd8a35d3c8237bf0f445847d70cb606bc44136a70f2199a94b822474f?s=96&d=mm&r=g","contentUrl":"https:\/\/secure.gravatar.com\/avatar\/6fc17a8bd8a35d3c8237bf0f445847d70cb606bc44136a70f2199a94b822474f?s=96&d=mm&r=g","caption":"Ana Abr\u00e3o"},"sameAs":["http:\/\/anaabrao.com"],"url":"https:\/\/anaabrao.com\/en\/author\/amabrao\/"}]}},"_links":{"self":[{"href":"https:\/\/anaabrao.com\/en\/wp-json\/wp\/v2\/posts\/25984","targetHints":{"allow":["GET"]}}],"collection":[{"href":"https:\/\/anaabrao.com\/en\/wp-json\/wp\/v2\/posts"}],"about":[{"href":"https:\/\/anaabrao.com\/en\/wp-json\/wp\/v2\/types\/post"}],"author":[{"embeddable":true,"href":"https:\/\/anaabrao.com\/en\/wp-json\/wp\/v2\/users\/3"}],"replies":[{"embeddable":true,"href":"https:\/\/anaabrao.com\/en\/wp-json\/wp\/v2\/comments?post=25984"}],"version-history":[{"count":3,"href":"https:\/\/anaabrao.com\/en\/wp-json\/wp\/v2\/posts\/25984\/revisions"}],"predecessor-version":[{"id":26142,"href":"https:\/\/anaabrao.com\/en\/wp-json\/wp\/v2\/posts\/25984\/revisions\/26142"}],"wp:featuredmedia":[{"embeddable":true,"href":"https:\/\/anaabrao.com\/en\/wp-json\/wp\/v2\/media\/371"}],"wp:attachment":[{"href":"https:\/\/anaabrao.com\/en\/wp-json\/wp\/v2\/media?parent=25984"}],"wp:term":[{"taxonomy":"category","embeddable":true,"href":"https:\/\/anaabrao.com\/en\/wp-json\/wp\/v2\/categories?post=25984"},{"taxonomy":"post_tag","embeddable":true,"href":"https:\/\/anaabrao.com\/en\/wp-json\/wp\/v2\/tags?post=25984"}],"curies":[{"name":"wp","href":"https:\/\/api.w.org\/{rel}","templated":true}]}}